{"id":2231,"date":"2026-03-09T19:02:47","date_gmt":"2026-03-09T19:02:47","guid":{"rendered":"https:\/\/argian.org\/www\/?p=2231"},"modified":"2026-03-09T19:23:00","modified_gmt":"2026-03-09T19:23:00","slug":"el-espejo-de-papel-re-conociendo-mi-templo","status":"publish","type":"post","link":"https:\/\/argian.org\/www\/el-espejo-de-papel-re-conociendo-mi-templo\/","title":{"rendered":"EL ESPEJO DE PAPEL: re-conociendo mi templo"},"content":{"rendered":"\n<p class=\"has-text-align-left\">Vivimos en una sociedad gordof\u00f3bica donde nuestro cuerpo, a menudo, deja de ser un lugar que habitamos para convertirse en un objeto que juzgamos. Hemos aprendido a mirarnos a trav\u00e9s de ojos ajenos y a desconectarnos del coraz\u00f3n, pero\u2026 <strong>\u00bfqu\u00e9 pasar\u00eda si recuper\u00e1ramos nuestra propia mirada?<\/strong><\/p>\n\n\n\n<p>En este taller de Arteterapia Gestalt, <strong>la creatividad<\/strong> se convierte en ese espejo amable donde aprenderemos a mirarnos con ojos nuevos. A reconocernos. A abrazarnos. Utilizaremos la <strong>fuerza de la tribu<\/strong> para despojarnos de juicios que no nos pertenecen y volver a habitar nuestra piel con cari\u00f1o, con sensibilidad, con lo que m\u00e1s nos gusta y con lo que menos. <\/p>\n\n\n\n<p>Porque hoy en d\u00eda, cultivar una mirada amorosa y abrazar lo que hay es un acto de rebeld\u00eda y amor propio.<\/p>\n\n\n\n<p><strong>Facilita<\/strong>: Amaia Rold\u00e1n. Psic\u00f3loga, Terapeuta y Arteterapeuta Gestalt<\/p>\n\n\n\n<p><strong>Fecha<\/strong>: 16 y 17&nbsp;de Mayo<\/p>\n\n\n\n<ul class=\"wp-block-list\">\n<li>S\u00e1bado de 10h a 14h y de 16h a 20h<\/li>\n\n\n\n<li>Domingo de 10h a 14h<\/li>\n<\/ul>\n\n\n\n<p><strong>Inversi\u00f3n<\/strong>: 120 euros.<\/p>\n\n\n\n<p><strong>Plazas limitadas<\/strong><\/p>\n\n\n\n<p><strong>Lugar<\/strong>: Argian Zentroa. Calle Jos\u00e9 Mar\u00eda Escuza 1, 4\u00ba izqda<\/p>\n\n\n\n<p>Solicita tu inscripci\u00f3n en argianzentroa@gmail.com<\/p>\n\n\n\n<p><\/p>\n","protected":false},"excerpt":{"rendered":"<p>Vivimos en una sociedad gordof\u00f3bica donde nuestro cuerpo, a menudo, deja de ser un lugar que habitamos para convertirse en un objeto que juzgamos. Hemos aprendido a mirarnos a trav\u00e9s de ojos ajenos y a desconectarnos del coraz\u00f3n, pero\u2026 \u00bfqu\u00e9 pasar\u00eda si recuper\u00e1ramos nuestra propia mirada? En este taller de Arteterapia Gestalt, la creatividad se [&hellip;]<\/p>\n","protected":false},"author":2,"featured_media":2236,"comment_status":"open","ping_status":"open","sticky":false,"template":"","format":"standard","meta":{"footnotes":""},"categories":[10],"tags":[],"class_list":["post-2231","post","type-post","status-publish","format-standard","has-post-thumbnail","hentry","category-cursos-talleres"],"_links":{"self":[{"href":"https:\/\/argian.org\/www\/wp-json\/wp\/v2\/posts\/2231","targetHints":{"allow":["GET"]}}],"collection":[{"href":"https:\/\/argian.org\/www\/wp-json\/wp\/v2\/posts"}],"about":[{"href":"https:\/\/argian.org\/www\/wp-json\/wp\/v2\/types\/post"}],"author":[{"embeddable":true,"href":"https:\/\/argian.org\/www\/wp-json\/wp\/v2\/users\/2"}],"replies":[{"embeddable":true,"href":"https:\/\/argian.org\/www\/wp-json\/wp\/v2\/comments?post=2231"}],"version-history":[{"count":8,"href":"https:\/\/argian.org\/www\/wp-json\/wp\/v2\/posts\/2231\/revisions"}],"predecessor-version":[{"id":2244,"href":"https:\/\/argian.org\/www\/wp-json\/wp\/v2\/posts\/2231\/revisions\/2244"}],"wp:featuredmedia":[{"embeddable":true,"href":"https:\/\/argian.org\/www\/wp-json\/wp\/v2\/media\/2236"}],"wp:attachment":[{"href":"https:\/\/argian.org\/www\/wp-json\/wp\/v2\/media?parent=2231"}],"wp:term":[{"taxonomy":"category","embeddable":true,"href":"https:\/\/argian.org\/www\/wp-json\/wp\/v2\/categories?post=2231"},{"taxonomy":"post_tag","embeddable":true,"href":"https:\/\/argian.org\/www\/wp-json\/wp\/v2\/tags?post=2231"}],"curies":[{"name":"wp","href":"https:\/\/api.w.org\/{rel}","templated":true}]}}